{"id":694,"date":"2023-06-16T11:32:44","date_gmt":"2023-06-16T09:32:44","guid":{"rendered":"http:\/\/zs3.pl\/?p=694"},"modified":"2023-06-16T11:35:41","modified_gmt":"2023-06-16T09:35:41","slug":"elektronik-w-grecji-w-poszukiwaniu-kompetencji-zawodowych","status":"publish","type":"post","link":"https:\/\/zs3mlawa.pl\/?p=694","title":{"rendered":"Elektronik w Grecji w poszukiwaniu kompetencji zawodowych\u00a0"},"content":{"rendered":"\n<figure class=\"wp-block-embed is-type-video is-provider-youtube wp-block-embed-youtube wp-embed-aspect-16-9 wp-has-aspect-ratio\"><div class=\"wp-block-embed__wrapper\">\n<div class='embed-container'><iframe title=\"Technikum nr 3 w M\u0142awie na wyje\u017adzie do Grecji.\" width=\"1920\" height=\"1080\" src=\"https:\/\/www.youtube.com\/embed\/OMIa_d9NQSA?feature=oembed\" frameborder=\"0\" allow=\"accelerometer; autoplay; clipboard-write; encrypted-media; gyroscope; picture-in-picture; web-share\" allowfullscreen><\/iframe><\/div>\n<\/div><\/figure>\n\n\n\n<p>W ramach projektu Erasmus+ Mobilno\u015b\u0107 edukacyjna os\u00f3b 30 uczni\u00f3w z klas: IV TE, 3TE, 2TE wraz z opiekunami Ann\u0105 Mostek-Skwarsk\u0105 i Joann\u0105 Czapsk\u0105 uczestniczy\u0142o w wyje\u017adzie na sta\u017c do Grecji w terminie 16-29.04.2023 r.. Zakwaterowano uczestnik\u00f3w w przepi\u0119knym hotelu Cromwell w Platamonas nad morzem w okolicy pasma g\u00f3rskiego Olimp. Uczniowie odbywali zaj\u0119cia praktyczne w zak\u0142adach pracy i firmach greckich, gdzie zdobywali nowe umiej\u0119tno\u015bci i kszta\u0142cili kompetencje w zakresie dobierania element\u00f3w do konfiguracji parametr\u00f3w uk\u0142ad\u00f3w analogowych; poznawali r\u00f3\u017cne urz\u0105dzenia elektroniczne i ich praktyczne zastosowanie. Ponadto doskonalili pos\u0142ugiwanie si\u0119 j\u0119zykiem angielskim. Ocena sta\u017cu odby\u0142a si\u0119 na podstawie dzienniczk\u00f3w praktyk.&nbsp;<\/p>\n\n\n\n<p>&nbsp;&nbsp;&nbsp;&nbsp;&nbsp;&nbsp;&nbsp;&nbsp;&nbsp;&nbsp;&nbsp;&nbsp;&nbsp;&nbsp; Uczestnicy sta\u017cu mogli pozna\u0107 region Macedoni\u0119 i Tracj\u0119 z ich atrakcjami turystycznymi. Odbywa\u0142y si\u0119 wycieczki do pobliskich miejscowo\u015bci na targ grecki, na wysp\u0119 Skhiatos, do Salonik czy te\u017c ruin zamku w Platamonas. Da\u0142o to mo\u017cliwo\u015b\u0107 poruszania si\u0119 w \u015brodowisku wielokulturowym. Grecja zrobi\u0142a na uczestnikach ogromne wra\u017cenie a wspomnienia s\u0105 wci\u0105\u017c \u017cywe.&nbsp;<\/p>\n","protected":false},"excerpt":{"rendered":"<p>W ramach projektu Erasmus+ Mobilno\u015b\u0107 edukacyjna os\u00f3b 30 uczni\u00f3w z klas: IV TE, 3TE, 2TE wraz z opiekunami Ann\u0105 Mostek-Skwarsk\u0105 i Joann\u0105 Czapsk\u0105 uczestniczy\u0142o w wyje\u017adzie na sta\u017c do Grecji w terminie 16-29.04.2023 r.. Zakwaterowano uczestnik\u00f3w w przepi\u0119knym hotelu Cromwell w Platamonas nad morzem w okolicy pasma g\u00f3rskiego Olimp. Uczniowie odbywali zaj\u0119cia praktyczne w zak\u0142adach&hellip; <a class=\"continue\" href=\"https:\/\/zs3mlawa.pl\/?p=694\">Czytaj dalej<span> Elektronik w Grecji w poszukiwaniu kompetencji zawodowych\u00a0<\/span><\/a><\/p>\n","protected":false},"author":1,"featured_media":696,"comment_status":"closed","ping_status":"open","sticky":false,"template":"","format":"standard","meta":{"footnotes":""},"categories":[1],"tags":[],"class_list":["post-694","post","type-post","status-publish","format-standard","has-post-thumbnail","hentry","category-bez-kategorii"],"_links":{"self":[{"href":"https:\/\/zs3mlawa.pl\/index.php?rest_route=\/wp\/v2\/posts\/694","targetHints":{"allow":["GET"]}}],"collection":[{"href":"https:\/\/zs3mlawa.pl\/index.php?rest_route=\/wp\/v2\/posts"}],"about":[{"href":"https:\/\/zs3mlawa.pl\/index.php?rest_route=\/wp\/v2\/types\/post"}],"author":[{"embeddable":true,"href":"https:\/\/zs3mlawa.pl\/index.php?rest_route=\/wp\/v2\/users\/1"}],"replies":[{"embeddable":true,"href":"https:\/\/zs3mlawa.pl\/index.php?rest_route=%2Fwp%2Fv2%2Fcomments&post=694"}],"version-history":[{"count":1,"href":"https:\/\/zs3mlawa.pl\/index.php?rest_route=\/wp\/v2\/posts\/694\/revisions"}],"predecessor-version":[{"id":695,"href":"https:\/\/zs3mlawa.pl\/index.php?rest_route=\/wp\/v2\/posts\/694\/revisions\/695"}],"wp:featuredmedia":[{"embeddable":true,"href":"https:\/\/zs3mlawa.pl\/index.php?rest_route=\/wp\/v2\/media\/696"}],"wp:attachment":[{"href":"https:\/\/zs3mlawa.pl\/index.php?rest_route=%2Fwp%2Fv2%2Fmedia&parent=694"}],"wp:term":[{"taxonomy":"category","embeddable":true,"href":"https:\/\/zs3mlawa.pl\/index.php?rest_route=%2Fwp%2Fv2%2Fcategories&post=694"},{"taxonomy":"post_tag","embeddable":true,"href":"https:\/\/zs3mlawa.pl\/index.php?rest_route=%2Fwp%2Fv2%2Ftags&post=694"}],"curies":[{"name":"wp","href":"https:\/\/api.w.org\/{rel}","templated":true}]}}