{"id":647,"date":"2023-05-18T19:29:26","date_gmt":"2023-05-18T17:29:26","guid":{"rendered":"http:\/\/zs3.pl\/?p=647"},"modified":"2023-08-01T22:03:36","modified_gmt":"2023-08-01T20:03:36","slug":"zs3-w-slonecznej-grecji","status":"publish","type":"post","link":"https:\/\/zs3mlawa.pl\/?p=647","title":{"rendered":"III Liceum Og\u00f3lnokszta\u0142c\u0105ce w s\u0142onecznej Grecji"},"content":{"rendered":"\n<p><\/p>\n\n\n\n<p class=\"has-text-align-center\"><strong>W dniach 16-29 kwietnia 2023 roku uczniowie liceum og\u00f3lnokszta\u0142c\u0105cego<\/strong><\/p>\n\n\n\n<p class=\"has-text-align-center\"><strong>z Zespo\u0142u Szk\u00f3\u0142 Nr 3 w M\u0142awie wzi\u0119li&nbsp; udzia\u0142 w przedsi\u0119wzi\u0119ciu-<\/strong><\/p>\n\n\n\n<p class=\"has-text-align-center\"><strong>&nbsp;\u201eMa\u0142e Ojczyzny \u2013 wsp\u00f3lna promocja region\u00f3w w ramach mobilno\u015bci zagranicznej\u201d.<\/strong><\/p>\n\n\n\n<p>W trakcie pobytu w Grecji mieli\u015bmy okazj\u0119\u00a0 wsp\u00f3\u0142pracowa\u0107 z uczniami i kadr\u0105 pedagogiczn\u0105 greckiego liceum\u00a0 w Litochoro. Brali\u015bmy udzia\u0142 w zaj\u0119ciach zorganizowanych\u00a0 przez szko\u0142\u0119\u00a0 partnersk\u0105, kt\u00f3re by\u0142y\u00a0 prowadzone w j\u0119zykuangielskim, co niezwykle korzystnie wp\u0142yn\u0119\u0142o na nasze umiej\u0119tno\u015bci j\u0119zykowe. Wsp\u00f3lnie z kole\u017cankami i kolegami \u00a0z greckiej szko\u0142y mogli\u015bmy doskonali\u0107 umiej\u0119tno\u015b\u0107 wsp\u00f3\u0142pracy w mi\u0119dzynarodowych grupach. Ponadto wsp\u00f3lnie zbierali\u015bmy informacje o regionie oraz\u00a0 przygotowali\u015bmy\u00a0 broszury i ulotki, pod czujnym okiem naszych mentor\u00f3w z Polski i Grecji. Pozwoli\u0142o to nam rozwin\u0105\u0107 nasze umiej\u0119tno\u015bci i kompetencje cyfrowe. By\u0142o te\u017c okazj\u0105 do dzielenia si\u0119 informacjami o naszym mie\u015bcie ,\u00a0 szkole i naszym kraju.<\/p>\n\n\n\n<p><strong><em>\u00a0\u00a0\u00a0\u00a0\u00a0\u00a0\u00a0\u00a0\u00a0\u00a0\u00a0<\/em><\/strong><\/p>\n\n\n<div class=\"wp-block-image\">\n<figure class=\"aligncenter size-large is-resized\"><img fetchpriority=\"high\" decoding=\"async\" src=\"http:\/\/zs3.pl\/wp-content\/uploads\/2023\/08\/20230421_120512703-1024x768.jpg\" alt=\"\" class=\"wp-image-723\" width=\"519\" height=\"389\" srcset=\"https:\/\/zs3mlawa.pl\/wp-content\/uploads\/2023\/08\/20230421_120512703-1024x768.jpg 1024w, https:\/\/zs3mlawa.pl\/wp-content\/uploads\/2023\/08\/20230421_120512703-300x225.jpg 300w, https:\/\/zs3mlawa.pl\/wp-content\/uploads\/2023\/08\/20230421_120512703-768x576.jpg 768w, https:\/\/zs3mlawa.pl\/wp-content\/uploads\/2023\/08\/20230421_120512703-1536x1152.jpg 1536w, https:\/\/zs3mlawa.pl\/wp-content\/uploads\/2023\/08\/20230421_120512703-2048x1536.jpg 2048w, https:\/\/zs3mlawa.pl\/wp-content\/uploads\/2023\/08\/20230421_120512703-1440x1080.jpg 1440w\" sizes=\"(max-width: 519px) 100vw, 519px\" \/><\/figure>\n<\/div>\n\n\n<p>By\u0142a to dla nas niezapomniana przygoda zar\u00f3wno dla uczni\u00f3w jak i&nbsp; nauczycieli.&nbsp; Mieli\u015bmy okazj\u0119 pozna\u0107 kultur\u0119, histori\u0119 i pi\u0119kno tego kraju. Podczas wyjazdu odwiedzili\u015bmy m.in. wysp\u0119 Skiathos oraz klasztory w&nbsp;&nbsp; Meteorach. Wyjazd by\u0142 nie tylko \u017ar\u00f3d\u0142em wiedzy i do\u015bwiadcze\u0144, ale tak\u017ce okazj\u0105 do nawi\u0105zania nowych znajomo\u015bci i przyja\u017ani.<a><\/a><\/p>\n\n\n<div class=\"wp-block-image\">\n<figure class=\"aligncenter size-large is-resized\"><img decoding=\"async\" src=\"http:\/\/zs3.pl\/wp-content\/uploads\/2023\/08\/20230423_114624704-1024x768.jpg\" alt=\"\" class=\"wp-image-724\" width=\"656\" height=\"492\" srcset=\"https:\/\/zs3mlawa.pl\/wp-content\/uploads\/2023\/08\/20230423_114624704-1024x768.jpg 1024w, https:\/\/zs3mlawa.pl\/wp-content\/uploads\/2023\/08\/20230423_114624704-300x225.jpg 300w, https:\/\/zs3mlawa.pl\/wp-content\/uploads\/2023\/08\/20230423_114624704-768x576.jpg 768w, https:\/\/zs3mlawa.pl\/wp-content\/uploads\/2023\/08\/20230423_114624704-1536x1152.jpg 1536w, https:\/\/zs3mlawa.pl\/wp-content\/uploads\/2023\/08\/20230423_114624704-2048x1536.jpg 2048w, https:\/\/zs3mlawa.pl\/wp-content\/uploads\/2023\/08\/20230423_114624704-1440x1080.jpg 1440w\" sizes=\"(max-width: 656px) 100vw, 656px\" \/><\/figure>\n<\/div>","protected":false},"excerpt":{"rendered":"<p>W dniach 16-29 kwietnia 2023 roku uczniowie liceum og\u00f3lnokszta\u0142c\u0105cego z Zespo\u0142u Szk\u00f3\u0142 Nr 3 w M\u0142awie wzi\u0119li&nbsp; udzia\u0142 w przedsi\u0119wzi\u0119ciu- &nbsp;\u201eMa\u0142e Ojczyzny \u2013 wsp\u00f3lna promocja region\u00f3w w ramach mobilno\u015bci zagranicznej\u201d. W trakcie pobytu w Grecji mieli\u015bmy okazj\u0119\u00a0 wsp\u00f3\u0142pracowa\u0107 z uczniami i kadr\u0105 pedagogiczn\u0105 greckiego liceum\u00a0 w Litochoro. Brali\u015bmy udzia\u0142 w zaj\u0119ciach zorganizowanych\u00a0 przez szko\u0142\u0119\u00a0 partnersk\u0105,&hellip; <a class=\"continue\" href=\"https:\/\/zs3mlawa.pl\/?p=647\">Czytaj dalej<span> III Liceum Og\u00f3lnokszta\u0142c\u0105ce w s\u0142onecznej Grecji<\/span><\/a><\/p>\n","protected":false},"author":1,"featured_media":648,"comment_status":"closed","ping_status":"open","sticky":false,"template":"","format":"standard","meta":{"footnotes":""},"categories":[1],"tags":[],"class_list":["post-647","post","type-post","status-publish","format-standard","has-post-thumbnail","hentry","category-bez-kategorii"],"_links":{"self":[{"href":"https:\/\/zs3mlawa.pl\/index.php?rest_route=\/wp\/v2\/posts\/647","targetHints":{"allow":["GET"]}}],"collection":[{"href":"https:\/\/zs3mlawa.pl\/index.php?rest_route=\/wp\/v2\/posts"}],"about":[{"href":"https:\/\/zs3mlawa.pl\/index.php?rest_route=\/wp\/v2\/types\/post"}],"author":[{"embeddable":true,"href":"https:\/\/zs3mlawa.pl\/index.php?rest_route=\/wp\/v2\/users\/1"}],"replies":[{"embeddable":true,"href":"https:\/\/zs3mlawa.pl\/index.php?rest_route=%2Fwp%2Fv2%2Fcomments&post=647"}],"version-history":[{"count":10,"href":"https:\/\/zs3mlawa.pl\/index.php?rest_route=\/wp\/v2\/posts\/647\/revisions"}],"predecessor-version":[{"id":725,"href":"https:\/\/zs3mlawa.pl\/index.php?rest_route=\/wp\/v2\/posts\/647\/revisions\/725"}],"wp:featuredmedia":[{"embeddable":true,"href":"https:\/\/zs3mlawa.pl\/index.php?rest_route=\/wp\/v2\/media\/648"}],"wp:attachment":[{"href":"https:\/\/zs3mlawa.pl\/index.php?rest_route=%2Fwp%2Fv2%2Fmedia&parent=647"}],"wp:term":[{"taxonomy":"category","embeddable":true,"href":"https:\/\/zs3mlawa.pl\/index.php?rest_route=%2Fwp%2Fv2%2Fcategories&post=647"},{"taxonomy":"post_tag","embeddable":true,"href":"https:\/\/zs3mlawa.pl\/index.php?rest_route=%2Fwp%2Fv2%2Ftags&post=647"}],"curies":[{"name":"wp","href":"https:\/\/api.w.org\/{rel}","templated":true}]}}