{"id":1292,"date":"2024-10-18T15:32:32","date_gmt":"2024-10-18T13:32:32","guid":{"rendered":"http:\/\/zs3.pl\/?p=1292"},"modified":"2024-11-18T15:32:52","modified_gmt":"2024-11-18T14:32:52","slug":"rozowy-pazdziernik","status":"publish","type":"post","link":"https:\/\/zs3mlawa.pl\/?p=1292","title":{"rendered":"&#8220;R\u00f3\u017cowy pa\u017adziernik&#8221;"},"content":{"rendered":"\n<p>W ramach &#8220;R\u00f3\u017cowego pa\u017adziernika&#8221; odby\u0142y si\u0119 w naszej szkole zaj\u0119cia edukacyjno-profilaktyczne z pani\u0105 Justyn\u0105 Koronowsk\u0105 z PSSE M\u0142awa na temat \u015bwiadomo\u015bci raka piersi. Zaj\u0119cia zorganizowa\u0142y panie: pedagog Patrycja Sterbicka, psycholog Olga Wi\u0144ska &#8211; Tuszy\u0144ska, zapraszaj\u0105c uczennice klas: IV LO, I LO, I Bb, II Ba, II Bb, II Bc.<\/p>\n\n\n<div class=\"wp-block-image\">\n<figure class=\"aligncenter size-large\"><img fetchpriority=\"high\" decoding=\"async\" width=\"576\" height=\"1024\" src=\"http:\/\/zs3.pl\/wp-content\/uploads\/2024\/11\/f46732fe-d0d0-4e29-acc6-5d10c5fb2b75-576x1024.jpg\" alt=\"\" class=\"wp-image-1293\" srcset=\"https:\/\/zs3mlawa.pl\/wp-content\/uploads\/2024\/11\/f46732fe-d0d0-4e29-acc6-5d10c5fb2b75-576x1024.jpg 576w, https:\/\/zs3mlawa.pl\/wp-content\/uploads\/2024\/11\/f46732fe-d0d0-4e29-acc6-5d10c5fb2b75-169x300.jpg 169w, https:\/\/zs3mlawa.pl\/wp-content\/uploads\/2024\/11\/f46732fe-d0d0-4e29-acc6-5d10c5fb2b75-768x1365.jpg 768w, https:\/\/zs3mlawa.pl\/wp-content\/uploads\/2024\/11\/f46732fe-d0d0-4e29-acc6-5d10c5fb2b75-864x1536.jpg 864w, https:\/\/zs3mlawa.pl\/wp-content\/uploads\/2024\/11\/f46732fe-d0d0-4e29-acc6-5d10c5fb2b75-1024x1820.jpg 1024w, https:\/\/zs3mlawa.pl\/wp-content\/uploads\/2024\/11\/f46732fe-d0d0-4e29-acc6-5d10c5fb2b75-608x1080.jpg 608w, https:\/\/zs3mlawa.pl\/wp-content\/uploads\/2024\/11\/f46732fe-d0d0-4e29-acc6-5d10c5fb2b75.jpg 1152w\" sizes=\"(max-width: 576px) 100vw, 576px\" \/><\/figure>\n<\/div>","protected":false},"excerpt":{"rendered":"<p>W ramach &#8220;R\u00f3\u017cowego pa\u017adziernika&#8221; odby\u0142y si\u0119 w naszej szkole zaj\u0119cia edukacyjno-profilaktyczne z pani\u0105 Justyn\u0105 Koronowsk\u0105 z PSSE M\u0142awa na temat \u015bwiadomo\u015bci raka piersi. Zaj\u0119cia zorganizowa\u0142y panie: pedagog Patrycja Sterbicka, psycholog Olga Wi\u0144ska &#8211; Tuszy\u0144ska, zapraszaj\u0105c uczennice klas: IV LO, I LO, I Bb, II Ba, II Bb, II Bc.<\/p>\n","protected":false},"author":1,"featured_media":0,"comment_status":"closed","ping_status":"open","sticky":false,"template":"","format":"standard","meta":{"footnotes":""},"categories":[1],"tags":[],"class_list":["post-1292","post","type-post","status-publish","format-standard","hentry","category-bez-kategorii"],"_links":{"self":[{"href":"https:\/\/zs3mlawa.pl\/index.php?rest_route=\/wp\/v2\/posts\/1292","targetHints":{"allow":["GET"]}}],"collection":[{"href":"https:\/\/zs3mlawa.pl\/index.php?rest_route=\/wp\/v2\/posts"}],"about":[{"href":"https:\/\/zs3mlawa.pl\/index.php?rest_route=\/wp\/v2\/types\/post"}],"author":[{"embeddable":true,"href":"https:\/\/zs3mlawa.pl\/index.php?rest_route=\/wp\/v2\/users\/1"}],"replies":[{"embeddable":true,"href":"https:\/\/zs3mlawa.pl\/index.php?rest_route=%2Fwp%2Fv2%2Fcomments&post=1292"}],"version-history":[{"count":1,"href":"https:\/\/zs3mlawa.pl\/index.php?rest_route=\/wp\/v2\/posts\/1292\/revisions"}],"predecessor-version":[{"id":1294,"href":"https:\/\/zs3mlawa.pl\/index.php?rest_route=\/wp\/v2\/posts\/1292\/revisions\/1294"}],"wp:attachment":[{"href":"https:\/\/zs3mlawa.pl\/index.php?rest_route=%2Fwp%2Fv2%2Fmedia&parent=1292"}],"wp:term":[{"taxonomy":"category","embeddable":true,"href":"https:\/\/zs3mlawa.pl\/index.php?rest_route=%2Fwp%2Fv2%2Fcategories&post=1292"},{"taxonomy":"post_tag","embeddable":true,"href":"https:\/\/zs3mlawa.pl\/index.php?rest_route=%2Fwp%2Fv2%2Ftags&post=1292"}],"curies":[{"name":"wp","href":"https:\/\/api.w.org\/{rel}","templated":true}]}}